{"id":348,"date":"2023-10-15T15:24:45","date_gmt":"2023-10-15T15:24:45","guid":{"rendered":"https:\/\/osjchiquinhagonzaga.org.br\/?p=348"},"modified":"2023-10-23T15:37:50","modified_gmt":"2023-10-23T15:37:50","slug":"osj-chiquinha-tem-viagem-marcada-para-a-suica","status":"publish","type":"post","link":"https:\/\/osjchiquinhagonzaga.org.br\/en\/2023\/10\/15\/osj-chiquinha-tem-viagem-marcada-para-a-suica\/","title":{"rendered":"OSJ Chiquinha tem viagem marcada para a Su\u00ed\u00e7a"},"content":{"rendered":"\n<p>A segunda turn\u00ea internacional da Orquestra Sinf\u00f4nica Juvenil Chiquinha Gonzaga ser\u00e1 inesquec\u00edvel. Com apresenta\u00e7\u00f5es marcadas em Zurique, Biel, Solothurn, Basileia e Genebra, o grupo se prepara para alcan\u00e7ar ainda mais o mundo. Al\u00e9m dos concertos, a viagem inclui uma programa\u00e7\u00e3o intensa, com masterclasses, rodas de conversa, ensaios conjuntos e at\u00e9 uma visita \u00e0 ONU. Com reg\u00eancia da maestra Priscila Bomfim, a turn\u00ea Aquarela Brasileira: Conex\u00e3o Brasil \u2013 Su\u00ed\u00e7a acontece entre os dias 26 de outubro e 04 de novembro de 2023. A programa\u00e7\u00e3o \u00e9 poss\u00edvel com o patroc\u00ednio da Zurich Santander, por meio da Lei Federal de Incentivo \u00e0 Cultura, e grandes apoiadores como a Secretaria de Estado de Cultura e Economia Criativa do Rio de Janeiro e o Associa\u00e7\u00e3o Uan\u00e1 \u2013 Association for the Arts.<\/p>\n\n\n\n<p>Nos concertos, a Orquestra exibir\u00e1 um repert\u00f3rio quase que genuinamente brasileiro, representando a diversidade e a excel\u00eancia de nossa m\u00fasica, a partir de obras de compositores como Carlos Gomes, Sivuca, Milton Nascimento, al\u00e9m da pr\u00f3pria Chiquinha Gonzaga \u2013 um grande exemplo do protagonismo feminino na m\u00fasica. Como convidada especial, acompanha o grupo a grande Sylvia Thereza, virtuosa pianista, que tem se apresentado em palcos importantes ao redor do mundo, atuando tamb\u00e9m como professora na prestigiosa Universidade Luca School of Arts, na B\u00e9lgica.<\/p>\n\n\n\n<p>Com programa\u00e7\u00f5es marcadas na Igreja Metodista Evang\u00e9lica EMK, Conservat\u00f3rios de M\u00fasica de Zurique, Basileia e Genebra e na Zurich Corporation, o grupo carrega na bagagem m\u00fasicas de grandes compositores, como Milton Nascimento, Zequinha de Abreu, Ary Barroso, Carlos Gomes, Luiz Gonzaga, Hamilton de Holanda, Chiquinha Gonzaga, Sivuca, entre tantos outros.<\/p>\n\n\n\n<p>Moana Martins, diretora executiva do grupo celebra mais essa conquista para a orquestra, j\u00e1 que h\u00e1 um ano o grupo fazia a sua primeira turn\u00ea internacional, em cidades de Portugal e Espanha. \u201cTocar na Su\u00ed\u00e7a representa para cada uma das estudantes uma riqueza \u00edmpar, cujos desdobramentos concretos e simb\u00f3licos se estender\u00e3o para todo o futuro delas\u201d.<\/p>\n\n\n\n<p>Al\u00e9m da Zurich Santander, a Orquestra Sinf\u00f4nica Juvenil Chiquinha Gonzaga tamb\u00e9m conta com o patroc\u00ednio do Banco Santander e da Petrogal Brasil, Joint Venture Galp\/Sinopec, por meio da Lei Federal de Incentivo \u00e0 Cultura.<\/p>\n","protected":false},"excerpt":{"rendered":"<p>Conex\u00e3o Brasil-Su\u00ed\u00e7a acontece no fim deste m\u00eas com o patroc\u00ednio da Zurich Santander<\/p>\n","protected":false},"author":2,"featured_media":349,"comment_status":"open","ping_status":"open","sticky":false,"template":"","format":"standard","meta":{"_acf_changed":false,"footnotes":""},"categories":[3],"tags":[],"class_list":["post-348","post","type-post","status-publish","format-standard","has-post-thumbnail","hentry","category-noticias"],"acf":[],"_links":{"self":[{"href":"https:\/\/osjchiquinhagonzaga.org.br\/en\/wp-json\/wp\/v2\/posts\/348","targetHints":{"allow":["GET"]}}],"collection":[{"href":"https:\/\/osjchiquinhagonzaga.org.br\/en\/wp-json\/wp\/v2\/posts"}],"about":[{"href":"https:\/\/osjchiquinhagonzaga.org.br\/en\/wp-json\/wp\/v2\/types\/post"}],"author":[{"embeddable":true,"href":"https:\/\/osjchiquinhagonzaga.org.br\/en\/wp-json\/wp\/v2\/users\/2"}],"replies":[{"embeddable":true,"href":"https:\/\/osjchiquinhagonzaga.org.br\/en\/wp-json\/wp\/v2\/comments?post=348"}],"version-history":[{"count":2,"href":"https:\/\/osjchiquinhagonzaga.org.br\/en\/wp-json\/wp\/v2\/posts\/348\/revisions"}],"predecessor-version":[{"id":361,"href":"https:\/\/osjchiquinhagonzaga.org.br\/en\/wp-json\/wp\/v2\/posts\/348\/revisions\/361"}],"wp:featuredmedia":[{"embeddable":true,"href":"https:\/\/osjchiquinhagonzaga.org.br\/en\/wp-json\/wp\/v2\/media\/349"}],"wp:attachment":[{"href":"https:\/\/osjchiquinhagonzaga.org.br\/en\/wp-json\/wp\/v2\/media?parent=348"}],"wp:term":[{"taxonomy":"category","embeddable":true,"href":"https:\/\/osjchiquinhagonzaga.org.br\/en\/wp-json\/wp\/v2\/categories?post=348"},{"taxonomy":"post_tag","embeddable":true,"href":"https:\/\/osjchiquinhagonzaga.org.br\/en\/wp-json\/wp\/v2\/tags?post=348"}],"curies":[{"name":"wp","href":"https:\/\/api.w.org\/{rel}","templated":true}]}}