{"id":351,"date":"2023-03-08T15:31:55","date_gmt":"2023-03-08T15:31:55","guid":{"rendered":"https:\/\/osjchiquinhagonzaga.org.br\/?p=351"},"modified":"2023-10-23T15:55:38","modified_gmt":"2023-10-23T15:55:38","slug":"maria-gadu-e-osj-chiquinha-gonzaga-protagonizam-momentos-inesqueciveis-no-theatro-municipal-do-rio","status":"publish","type":"post","link":"https:\/\/osjchiquinhagonzaga.org.br\/en\/2023\/03\/08\/maria-gadu-e-osj-chiquinha-gonzaga-protagonizam-momentos-inesqueciveis-no-theatro-municipal-do-rio\/","title":{"rendered":"Maria Gad\u00fa e OSJ Chiquinha Gonzaga protagonizam momentos inesquec\u00edveis no Theatro Municipal do Rio"},"content":{"rendered":"\n<blockquote class=\"wp-block-quote is-layout-flow wp-block-quote-is-layout-flow\">\n<blockquote class=\"wp-block-quote is-layout-flow wp-block-quote-is-layout-flow\">\n<p><\/p>\n<\/blockquote>\n\n\n\n<p>Na \u00faltima segunda-feira (06\/03), o Theatro Municipal do Rio de Janeiro foi palco de um espet\u00e1culo musical em comemora\u00e7\u00e3o ao Dia Internacional das Mulheres. Com participa\u00e7\u00e3o da cantora Maria Gad\u00fa, a Orquestra Sinf\u00f4nica Juvenil Chiquinha Gonzaga protagonizou grandes can\u00e7\u00f5es, sob reg\u00eancia da maestra Priscila Bomfim e patroc\u00ednio do Santander e Petrogal Brasil, Joint Venture Galp\/Sinopec, por meio da Lei Federal de Incentivo \u00e0 Cultura. O concerto lotou a plateia e emocionou o p\u00fablico com a qualidade e diversidade do grupo.<\/p>\n<\/blockquote>\n\n\n\n<p>Com um programa especial para a data que marca a luta global pelo direito das mulheres, a OSJ Chiquinha levou m\u00fasicas como Maria, Maria (Milton Nascimento), Forrobod\u00f3 (Chiquinha Gonzaga), Asa Branca (Luiz Gonzaga), Feira de Mangaio (Sivuca), Tico-Tico no fub\u00e1 (Zequinha de Abreu), entre outros cl\u00e1ssicos. Na \u00faltima parte, Maria Gad\u00fa subiu ao palco e tocou com a orquestra algumas de suas famosas can\u00e7\u00f5es, como Bela Flor e Shimbalai\u00ea, al\u00e9m de Tudo Diferente (Andr\u00e9 Carvalho), Ne Me Quitte Pas (Jacques Brel) e Quase Sem Querer (Renato Russo\/Renato Rocha\/Dado Villa-Lobos).<\/p>\n\n\n\n<p>\u201cTocar com a Orquestra Sinf\u00f4nica Juvenil Chiquinha Gonzaga foi muito especial. \u00c9 ver a rua entrando para os palcos mais sagrados que aportam as artes. Foi um privil\u00e9gio fazer m\u00fasicas com elas\u201d, comentou Maria Gad\u00fa, logo ap\u00f3s a sua participa\u00e7\u00e3o no concerto.<\/p>\n\n\n\n<p>O concerto especial para o Dia Internacional das Mulheres tamb\u00e9m contou com o apoio da institucional da Secretaria de Estado de Cultura e Economia Criativa do Rio de Janeiro, Funda\u00e7\u00e3o Theatro Municipal do Rio de Janeiro e da Secretaria da Mulher.<br><\/p>\n\n\n<p><center><\/p>\n\n\n<figure class=\"wp-block-embed aligncenter is-type-video is-provider-youtube wp-block-embed-youtube wp-embed-aspect-16-9 wp-has-aspect-ratio\"><div class=\"wp-block-embed__wrapper\">\n<iframe loading=\"lazy\" title=\"Dia Internacional das Mulheres - Orquestra Sinf\u00f4nica Juvenil Chiquinha Gonzaga e Maria Gad\u00fa\" width=\"500\" height=\"281\" src=\"https:\/\/www.youtube.com\/embed\/ewUy8iVxD-U?feature=oembed\" frameborder=\"0\" allow=\"accelerometer; autoplay; clipboard-write; encrypted-media; gyroscope; picture-in-picture; web-share\" referrerpolicy=\"strict-origin-when-cross-origin\" allowfullscreen><\/iframe>\n<\/div><\/figure>\n\n\n<p><\/center><\/p>","protected":false},"excerpt":{"rendered":"<p>Concerto foi em celebra\u00e7\u00e3o ao Dia Internacional das Mulheres<\/p>\n","protected":false},"author":2,"featured_media":365,"comment_status":"open","ping_status":"open","sticky":false,"template":"","format":"standard","meta":{"_acf_changed":false,"footnotes":""},"categories":[3],"tags":[],"class_list":["post-351","post","type-post","status-publish","format-standard","has-post-thumbnail","hentry","category-noticias"],"acf":[],"_links":{"self":[{"href":"https:\/\/osjchiquinhagonzaga.org.br\/en\/wp-json\/wp\/v2\/posts\/351","targetHints":{"allow":["GET"]}}],"collection":[{"href":"https:\/\/osjchiquinhagonzaga.org.br\/en\/wp-json\/wp\/v2\/posts"}],"about":[{"href":"https:\/\/osjchiquinhagonzaga.org.br\/en\/wp-json\/wp\/v2\/types\/post"}],"author":[{"embeddable":true,"href":"https:\/\/osjchiquinhagonzaga.org.br\/en\/wp-json\/wp\/v2\/users\/2"}],"replies":[{"embeddable":true,"href":"https:\/\/osjchiquinhagonzaga.org.br\/en\/wp-json\/wp\/v2\/comments?post=351"}],"version-history":[{"count":7,"href":"https:\/\/osjchiquinhagonzaga.org.br\/en\/wp-json\/wp\/v2\/posts\/351\/revisions"}],"predecessor-version":[{"id":360,"href":"https:\/\/osjchiquinhagonzaga.org.br\/en\/wp-json\/wp\/v2\/posts\/351\/revisions\/360"}],"wp:featuredmedia":[{"embeddable":true,"href":"https:\/\/osjchiquinhagonzaga.org.br\/en\/wp-json\/wp\/v2\/media\/365"}],"wp:attachment":[{"href":"https:\/\/osjchiquinhagonzaga.org.br\/en\/wp-json\/wp\/v2\/media?parent=351"}],"wp:term":[{"taxonomy":"category","embeddable":true,"href":"https:\/\/osjchiquinhagonzaga.org.br\/en\/wp-json\/wp\/v2\/categories?post=351"},{"taxonomy":"post_tag","embeddable":true,"href":"https:\/\/osjchiquinhagonzaga.org.br\/en\/wp-json\/wp\/v2\/tags?post=351"}],"curies":[{"name":"wp","href":"https:\/\/api.w.org\/{rel}","templated":true}]}}